{"id":550,"date":"2012-11-06T19:20:16","date_gmt":"2012-11-06T19:20:16","guid":{"rendered":"http:\/\/www.support-together.de\/Suto\/?p=550"},"modified":"2013-03-03T00:51:02","modified_gmt":"2013-03-03T00:51:02","slug":"die-spanische-hauptstadt-in-schwarz-gelb","status":"publish","type":"post","link":"https:\/\/www.support-together.de\/page\/die-spanische-hauptstadt-in-schwarz-gelb\/","title":{"rendered":"Die spanische Hauptstadt in schwarz-gelb"},"content":{"rendered":"<p style=\"margin-bottom: 0cm; text-align: justify;\"><span style=\"font-size: small;\">Aus allen Richtungen schw\u00e4rmten SuTo`s in die spanische Metropole \u201e la capital \u201e Madrid.<\/span><\/p>\n<p style=\"margin-bottom: 0cm; text-align: justify;\"><span style=\"font-size: small;\">Frankfurt, Frankfurt Hahn und nat\u00fcrlich wie es einem Pr\u00e4sidenten w\u00fcrdig ist kam \u201eEl chefe\u201c aus Paris mit der Sonder maschine Ryanair SuTo 1.<\/span><\/p>\n<p style=\"margin-bottom: 0cm; text-align: justify;\"><span style=\"font-size: small;\">Da es keinen offiziellen Treffpunkt des BVB gab, wegen Vorkommnissen in Sevilla, irrten also BVB Fans aus aller Herrenl\u00e4nder in Madrid herum.<\/span><\/p>\n<p style=\"margin-bottom: 0cm; text-align: justify;\"><span style=\"font-size: small;\">Egal wo man hinsah war schwarz-gelb die Farbe, ob am Palacio Real, Plaza Mayor oder auf der Gran Via.<\/span><\/p>\n<p style=\"margin-bottom: 0cm; text-align: justify;\"><span style=\"font-size: small;\">In jeder Bar waren abends BvB Fans vertreten die mit einheimischen das Hinspiel hei\u00df diskutierten, oft mit H\u00e4nden und F\u00fc\u00dfen aber Fussball braucht halt keine Sprache.<\/span><\/p>\n<p style=\"margin-bottom: 0cm; text-align: justify;\"><span style=\"font-size: small;\">Die Sondermaschine SuTo 1 sollte eigentlich Montags Abends um 20.00 Uhr in Madrid landen, alles war organisiert der rote Teppich ausgerollt, das Bier kalt gestellt und die Fahne gehisst.<\/span><\/p>\n<p style=\"margin-bottom: 0cm; text-align: justify;\"><span style=\"font-size: small;\">Leider war El Chefe samt Anhang so mit dem Schreiben von Autogrammen besch\u00e4ftigt das die Maschine erst gut 1 Std. sp\u00e4ter starten konnte, nun ja man muss dem P\u00f6bel halt etwas Zeit widmen.<\/span><\/p>\n<p style=\"margin-bottom: 0cm; text-align: justify;\"><span style=\"font-size: small;\">Nachdem Madrid informiert war wurde nat\u00fcrlich wieder alles eingerollt und man wartete auf dem Flughafen auf neue Landezeiten.<\/span><\/p>\n<p style=\"margin-bottom: 0cm; text-align: justify;\"><span style=\"font-size: small;\">Zum Gl\u00fcck fanden sich auch einige Fussball Verr\u00fcckte mit denen man sich austauschen konnte.<\/span><\/p>\n<p style=\"margin-bottom: 0cm; text-align: justify;\"><span style=\"font-size: small;\">Endlich kam die Durchsage das die Sondermaschine landen sollte, also zack zack alles wieder ausgepackt und gewartet und gewartet und gewartet.<\/span><\/p>\n<p style=\"margin-bottom: 0cm; text-align: justify;\"><span style=\"font-size: small;\">Aber es passierte nichts, keine Ankunft auf der Anzeigetafel gar nichts, also ab gings zur informacion wo man sich tausend mal entschuldigte und mir mitteilte das der Pr\u00e4si im terminal tres gelandet ist.<\/span><\/p>\n<p style=\"margin-bottom: 0cm; text-align: justify;\"><span style=\"font-size: small;\">Oh mein Gott, aber man kannte das Spielchen ja schon alles wieder eingepackt und ab zum Bus, hier mu\u00dfte man aber erstmal den Terminal Bus finden, aber ein Exil Deutscher war so nett ( obwohl er wohl den Bazis gesonnen war ) mir den richtigen zu zeigen, also vamos.<\/span><\/p>\n<p style=\"margin-bottom: 0cm; text-align: justify;\"><span style=\"font-size: small;\">Endlich am Terminal 3 angekommen, gab es das n\u00e4chste Problem, die Koffer kamen nicht. Nach intensiven Recherchen habe ich dann erfahren das sich die spanischen Angestellten um das Gep\u00e4ck von el chefe pr\u00fcgelten und es so zu einem Massenstreik gekommen ist.<\/span><\/p>\n<p style=\"margin-bottom: 0cm; text-align: justify;\"><span style=\"font-size: small;\">Aber durch unglaublich viel Fingerspitzengef\u00fchl und einigen Autogrammen konnte die Problematik behoben werde.<\/span><\/p>\n<p style=\"margin-bottom: 0cm; text-align: justify;\"><span style=\"font-size: small;\">Jetzt war es aber schon 23.15 Uhr und diese ganzen Anstrengungen hatten Ihren Tribut gefordert, ich hatte Durst und leider nicht genug Bier.<\/span><\/p>\n<p style=\"margin-bottom: 0cm; text-align: justify;\"><span style=\"font-size: small;\">So blieben f\u00fcr die Ankommenden leider nur je eine Dose San Miguel \u00fcbrig, es sei mir verziehen aber der Stress machte mich durstig.<\/span><\/p>\n<p style=\"margin-bottom: 0cm; text-align: justify;\"><span style=\"font-size: small;\">Da jetzt auch kein geeignetes Gef\u00e4hrt zur Verf\u00fcgung stand mu\u00dfte kurzfristig ein Metro Wagon gemietet werden, was el chefe vor gro\u00dfe Probleme stellte, den die Spanier weigerten sich deutsch zu sprechen, eine bodenlose Frechheit.<\/span><\/p>\n<p style=\"margin-bottom: 0cm; text-align: justify;\"><span style=\"font-size: small;\">Nach einer guten Std Reisezeit zum Hotel, weil wir auch noch eine Metro verpassten, kamen wir endlich an:<\/span><\/p>\n<p style=\"margin-bottom: 0cm; text-align: justify;\"><span style=\"font-size: small;\">Support Together hat Stellung bezogen, aber die deutsche Delegation hatte noch Hunger um 0:30 Uhr.<\/span><\/p>\n<p style=\"margin-bottom: 0cm; text-align: justify;\"><span style=\"font-size: small;\">Also ging es raus auf die bravo murillo und weiter und weiter und weiter, ein Spanier mit afrikanischen Wurzeln, ein Afrospanier ?? f\u00fchrte uns in eine madrilenische Bodega die Ihres gleichen suchte, halt so ein laden der um 2 Uhr nachts noch auf hat. Aber ich muss ehrlich sagen der Burger war echt super, auf den Punkt genau gebraten Top, war wohl bei Nadja und Marco nicht so, aber jeder hat ja auch ein anderes Verst\u00e4ndni\u00df von medium und \/ durch .<\/span><\/p>\n<p style=\"margin-bottom: 0cm; text-align: justify;\"><span style=\"font-size: small;\">Nach ein paar Bierchen gings dann endlich ins Hotel und ich dachte so jetzt wird mal geschlafen, weit gefehlt, Stephan war nicht m\u00fcde und wenn Stephan nicht m\u00fcde ist dann haben auch die anderen nicht m\u00fcde zu sein, wobei die anderen nur ich war.<\/span><\/p>\n<p style=\"margin-bottom: 0cm; text-align: justify;\"><span style=\"font-size: small;\">Um 6 Uhr endlich eingeschlafen, klopft es nach gef\u00fchlten 5 Minuten Schlaf wie verr\u00fcckt an der T\u00fcr\u2026 Der Marco\u2026 der mich ganz entgeistert fragte ob ich schon wach bin, nee nat\u00fcrlich nicht ich \u00f6ffne die T\u00fcr im Schlaf, wie immer.<\/span><\/p>\n<p style=\"margin-bottom: 0cm; text-align: justify;\"><span style=\"font-size: small;\">Nun denn er w\u00fcrde gerne etwas von Madrid sehen, Stefan nicht der schlief tief und fest in einer Haltung die seines Gleichen sucht.( so eine Art F\u00f6tusstellung )<\/span><\/p>\n<p style=\"margin-bottom: 0cm; text-align: justify;\"><span style=\"font-size: small;\">Nach einem Mini Fr\u00fchst\u00fcck gings dann los Nadja, Marco und ich, wir besuchten den palacio real, plaza de espana, gran Via und dann Plaza de mayor wo wir endlich einkehrten und uns mit ein paar kaltschalen st\u00e4rkten.<\/span><\/p>\n<p style=\"margin-bottom: 0cm; text-align: justify;\"><span style=\"font-size: small;\">Aber wo Borussen sind werden noch mehr Borussen nicht fern sein und so war es, die Plaza entwickelte sich zu einem BvB Treffpunkt.<\/span><\/p>\n<p style=\"margin-bottom: 0cm; text-align: justify;\"><span style=\"font-size: small;\">Man lernte viele verschiedene Fanclubs kennen, Uralt Borussen die uns mit Ihrem BvB Wissen oft zu lachen brachten und man sang zusammen f\u00fcrs spanische Fernsehen.<\/span><\/p>\n<p style=\"margin-bottom: 0cm; text-align: justify;\"><span style=\"font-size: small;\">Irgendwann in der gr\u00f6\u00dften Partystimmung ist dann der Borchi auch wohl aufgewacht und teilte uns mit wo sich Support together trifft.<\/span><\/p>\n<p style=\"margin-bottom: 0cm; text-align: justify;\"><span style=\"font-size: small;\">Also ab zur Puerta del Sol, wo wir auf die anderen Mitreisenden endlich trafen und dann wurde dem gro\u00dfen Spiel entgegen gefiebert, zusammen.<\/span><\/p>\n<p style=\"margin-bottom: 0cm; text-align: justify;\"><span style=\"font-size: small;\">Mit der U- bahn zum Stadion, tja Stefan hat wohl nachts einen mega spanisch Kurs gemacht und wu\u00dfte auf einmal das komplette U bahn Netz in und auswendig ( oder glaubte er das nur ?? ), eagl.<\/span><\/p>\n<p style=\"margin-bottom: 0cm; text-align: justify;\"><span style=\"font-size: small;\">Ab in die Bahn, 2 Stationen sp\u00e4ter stiegen alle aus nur wir nicht, laut Stefan ist das schon richtig so wir fahren anders rum, nun denn im Fanclub ist er der Boss.<\/span><\/p>\n<p style=\"margin-bottom: 0cm; text-align: justify;\"><span style=\"font-size: small;\">Das war das letzte mal das ich die anderen gesehen habe, denn die m\u00fcssen schon gef\u00fchlte Lichtjahre fr\u00fcher dagewesen sein als wir.<\/span><\/p>\n<p style=\"margin-bottom: 0cm; text-align: justify;\"><span style=\"font-size: small;\">Egal super Stimmung, tolle BvB Anh\u00e4nger und ein grandioses spiel, \u00fcber das ich aber nicht berichten m\u00f6chte, denn das kann jeder \u00fcberall nachlesen.<\/span><\/p>\n<p style=\"margin-bottom: 0cm; text-align: justify;\"><span style=\"font-size: small;\">Ich traf Stephan dann am n\u00e4chsten morgen wieder als sein sch\u2026 Wecker um 4 Uhr klingelte, der Abtransport zum Flughafen stand an, die Sondermaschine wartete.<\/span><\/p>\n<p style=\"margin-bottom: 0cm; text-align: justify;\"><span style=\"font-size: small;\">\u00a0<em>Markus Bachmaier<\/em><\/span><\/p>\n<p style=\"margin-bottom: 0cm; text-align: justify;\"><span style=\"font-size: small;\">\u00a0&#8212;&#8212;&#8212;&#8212;&#8212;&#8212;&#8212;&#8212;&#8212;&#8212;&#8212;&#8212;&#8212;&#8212;&#8212;&#8212;&#8212;&#8212;&#8212;&#8212;&#8212;&#8212;&#8212;&#8212;&#8212;&#8212;&#8212;&#8212;-<\/span><\/p>\n","protected":false},"excerpt":{"rendered":"<p>Aus allen Richtungen schw\u00e4rmten SuTo`s in die spanische Metropole \u201e la capital \u201e Madrid. Frankfurt, Frankfurt Hahn und nat\u00fcrlich wie es einem Pr\u00e4sidenten w\u00fcrdig ist kam \u201eEl chefe\u201c aus Paris mit der Sonder maschine Ryanair SuTo 1. Da es keinen &hellip; <a href=\"https:\/\/www.support-together.de\/page\/die-spanische-hauptstadt-in-schwarz-gelb\/\">Weiterlesen <span class=\"meta-nav\">&rarr;<\/span><\/a><\/p>\n","protected":false},"author":2,"featured_media":0,"comment_status":"closed","ping_status":"closed","sticky":false,"template":"","format":"standard","meta":{"_monsterinsights_skip_tracking":false,"_monsterinsights_sitenote_active":false,"_monsterinsights_sitenote_note":"","_monsterinsights_sitenote_category":0,"footnotes":""},"categories":[9],"tags":[],"class_list":["post-550","post","type-post","status-publish","format-standard","hentry","category-berichte"],"_links":{"self":[{"href":"https:\/\/www.support-together.de\/page\/wp-json\/wp\/v2\/posts\/550","targetHints":{"allow":["GET"]}}],"collection":[{"href":"https:\/\/www.support-together.de\/page\/wp-json\/wp\/v2\/posts"}],"about":[{"href":"https:\/\/www.support-together.de\/page\/wp-json\/wp\/v2\/types\/post"}],"author":[{"embeddable":true,"href":"https:\/\/www.support-together.de\/page\/wp-json\/wp\/v2\/users\/2"}],"replies":[{"embeddable":true,"href":"https:\/\/www.support-together.de\/page\/wp-json\/wp\/v2\/comments?post=550"}],"version-history":[{"count":10,"href":"https:\/\/www.support-together.de\/page\/wp-json\/wp\/v2\/posts\/550\/revisions"}],"predecessor-version":[{"id":600,"href":"https:\/\/www.support-together.de\/page\/wp-json\/wp\/v2\/posts\/550\/revisions\/600"}],"wp:attachment":[{"href":"https:\/\/www.support-together.de\/page\/wp-json\/wp\/v2\/media?parent=550"}],"wp:term":[{"taxonomy":"category","embeddable":true,"href":"https:\/\/www.support-together.de\/page\/wp-json\/wp\/v2\/categories?post=550"},{"taxonomy":"post_tag","embeddable":true,"href":"https:\/\/www.support-together.de\/page\/wp-json\/wp\/v2\/tags?post=550"}],"curies":[{"name":"wp","href":"https:\/\/api.w.org\/{rel}","templated":true}]}}