{"id":326,"date":"2012-09-19T22:07:13","date_gmt":"2012-09-19T22:07:13","guid":{"rendered":"http:\/\/su-to.de\/?p=326"},"modified":"2013-03-03T00:52:29","modified_gmt":"2013-03-03T00:52:29","slug":"zuruck-in-der-konigsklasse-teil-ii","status":"publish","type":"post","link":"https:\/\/www.support-together.de\/page\/zuruck-in-der-konigsklasse-teil-ii\/","title":{"rendered":"Zur\u00fcck in der K\u00f6nigsklasse &#8211; Teil II"},"content":{"rendered":"<p align=\"JUSTIFY\"><strong><span style=\"font-family: Arial, sans-serif;\"><span style=\"text-decoration: underline;\">BV Borussia 09 Dortmund \u2013 Ajax Amsterdam (1. Spieltag)<\/span><\/span><\/strong><\/p>\n<p align=\"JUSTIFY\"><span style=\"font-family: Arial, sans-serif;\">[MK] Nachdem die vergangene Spielzeit auf europ\u00e4ischer B\u00fchne recht schnell und ohne echte sportliche Erfolgserlebnisse zu Ende ging, hie\u00df es am 18.09.2012 in der viel diskutierten \u201eHammer-Gruppe\u201c einmal mehr zu zeigen, wozu Mannschaft und Fans international f\u00e4hig sind. <\/span><\/p>\n<p align=\"JUSTIFY\"><span style=\"font-family: Arial, sans-serif;\">Im Vorfeld des Spiels konnten nur wenige Karten f\u00fcr uns SuTos ergattert werden, und so machten sich am fr\u00fchen Mittag lediglich zwei Autobesatzungen, \u201ehei\u00df wie Frittenfett\u201c, auf den Weg Richtung Westfalenmetropole. Die ansonsten beinahe rituelle Tipprunde bei Busfahrten lie\u00df man sich dennoch nicht nehmen und deshalb erwarteten den Sieger des heutigen Tippspiels horrende Summen Sofortgewinn. Nach ereignisloser Fahrt erreichte man fr\u00fchzeitig das geliebte Westfalenstadion und vertrieb sich die Zeit bis zum Anpfiff mit k\u00fchlem Bier und ner hei\u00dfen Curry. Genug der einleitenden Worte, genug der Warterei, genug der Fachsimpelei \u00fcber Trainer und Mannschaft, rein ging es ins stimmungsgeladene Westfalenstadion, das heute eines seiner besseren Tage erleben sollte. <\/span><\/p>\n<p align=\"JUSTIFY\">\u201e<span style=\"font-family: Arial, sans-serif;\"><em>Heute wolln\u00b4 wir siegen, wir gehen m\u00e4chtig ran! Borussia spielt heut\u00b4 ganz gro\u00df, bist zum letzen Mann!\u201c<\/em><\/span><\/p>\n<p align=\"JUSTIFY\"><span style=\"font-family: Arial, sans-serif;\">Von Beginn an gaben sowohl die Mannschaft auf dem Rasen als auch die Fans auf den R\u00e4ngen Vollgas, um ihren geliebten Ballspielverein den so wichtigen Auftaktsieg zu bescheren. Chance um Chance erspielten sich unsere Schwarzgelben und lie\u00dfen einem kaum Zeit zum Durchatmen. Aber auch Ajax zeigte, warum sie zu Zeit den holl\u00e4ndischen Fu\u00dfball dominieren. Und sp\u00e4testens als Roman Weidenfeller nach toller Parade 25 Meter vorm Geh\u00e4use ziel- und planlos herumirrte, rutschte das adrenalingeladene schwarzgelbe Herz kr\u00e4ftig in die Hose. Weiter machen \u2013 die Jungs nach vorne pushen! Der p\u00fcnktliche Halbzeitpfiff wurde niedergepfiffen. Mit einem 0:0 zur Halbzeit wollte sich keiner zufrieden geben. Jedem Anwesenden im Fu\u00dfballtempel zu Dortmund war klar, da geht heute was, die 3 Punkte bleiben hier!<\/span><\/p>\n<p align=\"JUSTIFY\">\u201e<span style=\"font-family: Arial, sans-serif;\"><em>St\u00fcrmen wollen wir das Tor, ja das ist unsre Pflicht! Wir geben heut\u00b4 das Tempo an, der Gegner st\u00f6rt uns nicht!\u201c<\/em><\/span><\/p>\n<p align=\"JUSTIFY\"><span style=\"font-family: Arial, sans-serif;\">In Halbzeit zwei wirkte die Truppe von J\u00fcrgen Klopp noch agiler, noch spritziger, noch hungriger und so setzten sie Ajax fr\u00fch unter Druck, fighteten um jeden Ball. Frenetisch gefeiert vom Dortmunder Publikum, ging es immer wieder \u00fcber die schnellen Au\u00dfen nach vorne, geradewegs auf die S\u00fcdtrib\u00fcne zu. Auch die Trib\u00fcnen taten der guten Stimmung keinen Abbruch und es begannen verhei\u00dfungsvolle 45 Minuten Fu\u00dfball pur! Anfangs stemmte sich Amsterdam gegen diese \u00dcbermacht, doch ein weltklasse Dribbling von G\u00f6tze im Strafraum f\u00fchrte nach Foulspiel an eben diesem zum Elfmeterpfiff, der bereits wie ein Tor umjubelt wurde. An alle Optimisten unter uns \u2013 es sollte anders kommen! Nach brachial lauten \u201eBorussia\u201c- Rufen lie\u00df Hummels, der sich den Ball zurecht gelegt hatte, diese riesen M\u00f6glichkeit nehmen, Borussia auf die Siegerstra\u00dfe zu bringen und schob den Ball dem Torh\u00fcter in die Arme. Weiter machen \u2013 die Jungs nach vorne pushen! Und so war der Wille nach wie vor da, den Sieg mit allen Mitteln zu erzwingen. Der BVB versuchte alles, doch ein Auftaktsieg in der Champions League sollte nicht gelingen. Die Uhr tickte unaufhaltsam weiter: 75 Minute, 80 Minute, 85. Minute. Leitner und Schieber sollten zu diesem Zeitpunkt eingewechselt werden, um die Offensive ein letztes Mal zu beleben, als Robert Lewandowski den Ball im Strafraum mit der Brust annimmt, seine zwei Gegenspieler mit einer geschickten K\u00f6rpert\u00e4uschung ausspielt und den Ball unhaltbar ins lange Eck nagelt.<\/span><\/p>\n<p align=\"JUSTIFY\"><span style=\"font-family: Arial, sans-serif;\">Der Tempel erbebte &#8211; Torjubel, Torpogo, kollektive Massenektase in schwarz und gelb, unb\u00e4ndige Freude in 88. Spielminute \u00fcber diesen erl\u00f6senden Treffer!<\/span><\/p>\n<p align=\"JUSTIFY\">\u201e<span style=\"font-family: Arial, sans-serif;\"><em>Und ist das Spiel gewonnen, dann kann man es verstehen. Der BVB, der BVB wird niemals untergehn\u00b4!\u201c<\/em><\/span><\/p>\n<p align=\"JUSTIFY\"><span style=\"font-family: Arial, sans-serif;\">Der im Voraus als so wichtig angek\u00fcndigte Sieg im ersten Spiel war geschafft. Und allen Kritikern zum Trotze mit einer herausragenden Leistung, die am Ende belohnt wurde \u2013 wohl gemerkt in Europa!<\/span><\/p>\n<p align=\"JUSTIFY\"><span style=\"font-family: Arial, sans-serif;\">Im Freudentaumel ging es zur\u00fcck zu den Autos, und die Heimreise wurde von sichtlich ersch\u00f6pften SuTos ins Saarland angetreten. <\/span><\/p>\n<p align=\"JUSTIFY\"><span style=\"font-family: Arial, sans-serif;\">Wir sind \u201eZur\u00fcck in der K\u00f6nigsklasse\u201c \u2013 und wie!<\/span><\/p>\n<p align=\"JUSTIFY\">\n<p style=\"text-align: right;\" align=\"JUSTIFY\"><em>Kappel<\/em><\/p>\n","protected":false},"excerpt":{"rendered":"<p>BV Borussia 09 Dortmund \u2013 Ajax Amsterdam (1. Spieltag) [MK] Nachdem die vergangene Spielzeit auf europ\u00e4ischer B\u00fchne recht schnell und ohne echte sportliche Erfolgserlebnisse zu Ende ging, hie\u00df es am 18.09.2012 in der viel diskutierten \u201eHammer-Gruppe\u201c einmal mehr zu zeigen, &hellip; <a href=\"https:\/\/www.support-together.de\/page\/zuruck-in-der-konigsklasse-teil-ii\/\">Weiterlesen <span class=\"meta-nav\">&rarr;<\/span><\/a><\/p>\n","protected":false},"author":2,"featured_media":0,"comment_status":"closed","ping_status":"closed","sticky":false,"template":"","format":"standard","meta":{"_monsterinsights_skip_tracking":false,"_monsterinsights_sitenote_active":false,"_monsterinsights_sitenote_note":"","_monsterinsights_sitenote_category":0,"footnotes":""},"categories":[9],"tags":[],"class_list":["post-326","post","type-post","status-publish","format-standard","hentry","category-berichte"],"_links":{"self":[{"href":"https:\/\/www.support-together.de\/page\/wp-json\/wp\/v2\/posts\/326","targetHints":{"allow":["GET"]}}],"collection":[{"href":"https:\/\/www.support-together.de\/page\/wp-json\/wp\/v2\/posts"}],"about":[{"href":"https:\/\/www.support-together.de\/page\/wp-json\/wp\/v2\/types\/post"}],"author":[{"embeddable":true,"href":"https:\/\/www.support-together.de\/page\/wp-json\/wp\/v2\/users\/2"}],"replies":[{"embeddable":true,"href":"https:\/\/www.support-together.de\/page\/wp-json\/wp\/v2\/comments?post=326"}],"version-history":[{"count":6,"href":"https:\/\/www.support-together.de\/page\/wp-json\/wp\/v2\/posts\/326\/revisions"}],"predecessor-version":[{"id":608,"href":"https:\/\/www.support-together.de\/page\/wp-json\/wp\/v2\/posts\/326\/revisions\/608"}],"wp:attachment":[{"href":"https:\/\/www.support-together.de\/page\/wp-json\/wp\/v2\/media?parent=326"}],"wp:term":[{"taxonomy":"category","embeddable":true,"href":"https:\/\/www.support-together.de\/page\/wp-json\/wp\/v2\/categories?post=326"},{"taxonomy":"post_tag","embeddable":true,"href":"https:\/\/www.support-together.de\/page\/wp-json\/wp\/v2\/tags?post=326"}],"curies":[{"name":"wp","href":"https:\/\/api.w.org\/{rel}","templated":true}]}}