{"id":1189,"date":"2026-02-13T20:36:43","date_gmt":"2026-02-13T20:36:43","guid":{"rendered":"https:\/\/www.support-together.de\/page\/?p=1189"},"modified":"2026-02-13T22:54:25","modified_gmt":"2026-02-13T22:54:25","slug":"neujahresempfang-in-dortmund-10-02-2026","status":"publish","type":"post","link":"https:\/\/www.support-together.de\/page\/neujahresempfang-in-dortmund-10-02-2026\/","title":{"rendered":"Neujahresempfang in Dortmund 10.02.2026"},"content":{"rendered":"\n<p style=\"font-weight: 400;\">Ein unvergesslicher Tag sollte es werden, dieser 10. Februar 2026.<\/p>\n<p style=\"font-weight: 400;\">Auch im diesem Jahr besuchten wir , der saarl\u00e4ndische BVB Fanclub \u201eSupport together&#8220; vertreten durch Marco Reichert und Michael Eich eins der Highlights aller Fanclubs unseres Ballspielvereins, den BVB Neujahresempfang. Es war zwar nicht unsere erste Teilnahme, aber die Vorfreude war so riesig, dass wir jeden Kilometer auf der Autobahn kaum aushalten konnten. Selbst das eisige Wetter und der dichte Verkehr konnten unsere Laune nicht aufhalten.<\/p>\n<p><a href=\"https:\/\/www.support-together.de\/page\/wp-content\/uploads\/2026\/02\/foto1-auto-scaled.jpeg\"><img loading=\"lazy\" decoding=\"async\" class=\"aligncenter size-full wp-image-1194\" src=\"https:\/\/www.support-together.de\/page\/wp-content\/uploads\/2026\/02\/foto1-auto-scaled.jpeg\" alt=\"\" width=\"2560\" height=\"1920\" srcset=\"https:\/\/www.support-together.de\/page\/wp-content\/uploads\/2026\/02\/foto1-auto-scaled.jpeg 2560w, https:\/\/www.support-together.de\/page\/wp-content\/uploads\/2026\/02\/foto1-auto-300x225.jpeg 300w, https:\/\/www.support-together.de\/page\/wp-content\/uploads\/2026\/02\/foto1-auto-1024x768.jpeg 1024w, https:\/\/www.support-together.de\/page\/wp-content\/uploads\/2026\/02\/foto1-auto-768x576.jpeg 768w, https:\/\/www.support-together.de\/page\/wp-content\/uploads\/2026\/02\/foto1-auto-1536x1152.jpeg 1536w, https:\/\/www.support-together.de\/page\/wp-content\/uploads\/2026\/02\/foto1-auto-2048x1536.jpeg 2048w, https:\/\/www.support-together.de\/page\/wp-content\/uploads\/2026\/02\/foto1-auto-400x300.jpeg 400w\" sizes=\"auto, (max-width: 2560px) 100vw, 2560px\" \/><\/a><\/p>\n<p style=\"font-weight: 400;\">Da wir extra fr\u00fch gestartet waren, kamen wir \u00fcberp\u00fcnktlich am Westfalenstadion an. Die Wartezeit bis zum Einlass \u00fcberbr\u00fcckten wir erst einmal mit einer kleinen Shopping-Tour durch die Fanwelt.<\/p>\n<p style=\"font-weight: 400;\"><a href=\"https:\/\/www.support-together.de\/page\/wp-content\/uploads\/2026\/02\/foto2-scaled.jpeg\"><img loading=\"lazy\" decoding=\"async\" class=\"aligncenter size-full wp-image-1195\" src=\"https:\/\/www.support-together.de\/page\/wp-content\/uploads\/2026\/02\/foto2-scaled.jpeg\" alt=\"\" width=\"1877\" height=\"2560\" srcset=\"https:\/\/www.support-together.de\/page\/wp-content\/uploads\/2026\/02\/foto2-scaled.jpeg 1877w, https:\/\/www.support-together.de\/page\/wp-content\/uploads\/2026\/02\/foto2-220x300.jpeg 220w, https:\/\/www.support-together.de\/page\/wp-content\/uploads\/2026\/02\/foto2-751x1024.jpeg 751w, https:\/\/www.support-together.de\/page\/wp-content\/uploads\/2026\/02\/foto2-768x1047.jpeg 768w, https:\/\/www.support-together.de\/page\/wp-content\/uploads\/2026\/02\/foto2-1126x1536.jpeg 1126w, https:\/\/www.support-together.de\/page\/wp-content\/uploads\/2026\/02\/foto2-1502x2048.jpeg 1502w\" sizes=\"auto, (max-width: 1877px) 100vw, 1877px\" \/><\/a><\/p>\n<p style=\"font-weight: 400;\">Danach war immer noch Zeit \u00fcbrig, also entschieden wir uns spontan f\u00fcr einen \u201eStadionspaziergang\u201c \u2013 eine Art Stadiontour nur ohne F\u00fchrung. Hier gab es schon die ersten Highlights des Tages: Wir konnten durch den Kabinentrakt und den Spielertunnel laufen und einen Moment auf der Trainerbank Platz nehmen. Diese Augenblicke mussten wir nat\u00fcrlich sofort auf Fotos festhalten<\/p>\n<p><a href=\"https:\/\/www.support-together.de\/page\/wp-content\/uploads\/2026\/02\/foto3_kabine-scaled.jpeg\"><img loading=\"lazy\" decoding=\"async\" class=\"aligncenter size-full wp-image-1196\" src=\"https:\/\/www.support-together.de\/page\/wp-content\/uploads\/2026\/02\/foto3_kabine-scaled.jpeg\" alt=\"\" width=\"2560\" height=\"1920\" srcset=\"https:\/\/www.support-together.de\/page\/wp-content\/uploads\/2026\/02\/foto3_kabine-scaled.jpeg 2560w, https:\/\/www.support-together.de\/page\/wp-content\/uploads\/2026\/02\/foto3_kabine-300x225.jpeg 300w, https:\/\/www.support-together.de\/page\/wp-content\/uploads\/2026\/02\/foto3_kabine-1024x768.jpeg 1024w, https:\/\/www.support-together.de\/page\/wp-content\/uploads\/2026\/02\/foto3_kabine-768x576.jpeg 768w, https:\/\/www.support-together.de\/page\/wp-content\/uploads\/2026\/02\/foto3_kabine-1536x1152.jpeg 1536w, https:\/\/www.support-together.de\/page\/wp-content\/uploads\/2026\/02\/foto3_kabine-2048x1536.jpeg 2048w, https:\/\/www.support-together.de\/page\/wp-content\/uploads\/2026\/02\/foto3_kabine-400x300.jpeg 400w\" sizes=\"auto, (max-width: 2560px) 100vw, 2560px\" \/><\/a> <a href=\"https:\/\/www.support-together.de\/page\/wp-content\/uploads\/2026\/02\/foto3_spielertunnel-scaled.jpeg\"><img loading=\"lazy\" decoding=\"async\" class=\"aligncenter size-full wp-image-1197\" src=\"https:\/\/www.support-together.de\/page\/wp-content\/uploads\/2026\/02\/foto3_spielertunnel-scaled.jpeg\" alt=\"\" width=\"1920\" height=\"2560\" srcset=\"https:\/\/www.support-together.de\/page\/wp-content\/uploads\/2026\/02\/foto3_spielertunnel-scaled.jpeg 1920w, https:\/\/www.support-together.de\/page\/wp-content\/uploads\/2026\/02\/foto3_spielertunnel-225x300.jpeg 225w, https:\/\/www.support-together.de\/page\/wp-content\/uploads\/2026\/02\/foto3_spielertunnel-768x1024.jpeg 768w, https:\/\/www.support-together.de\/page\/wp-content\/uploads\/2026\/02\/foto3_spielertunnel-1152x1536.jpeg 1152w, https:\/\/www.support-together.de\/page\/wp-content\/uploads\/2026\/02\/foto3_spielertunnel-1536x2048.jpeg 1536w\" sizes=\"auto, (max-width: 1920px) 100vw, 1920px\" \/><\/a> <a href=\"https:\/\/www.support-together.de\/page\/wp-content\/uploads\/2026\/02\/foto3_trainerbank-scaled.jpeg\"><img loading=\"lazy\" decoding=\"async\" class=\"aligncenter size-full wp-image-1198\" src=\"https:\/\/www.support-together.de\/page\/wp-content\/uploads\/2026\/02\/foto3_trainerbank-scaled.jpeg\" alt=\"\" width=\"1908\" height=\"2560\" srcset=\"https:\/\/www.support-together.de\/page\/wp-content\/uploads\/2026\/02\/foto3_trainerbank-scaled.jpeg 1908w, https:\/\/www.support-together.de\/page\/wp-content\/uploads\/2026\/02\/foto3_trainerbank-224x300.jpeg 224w, https:\/\/www.support-together.de\/page\/wp-content\/uploads\/2026\/02\/foto3_trainerbank-763x1024.jpeg 763w, https:\/\/www.support-together.de\/page\/wp-content\/uploads\/2026\/02\/foto3_trainerbank-768x1031.jpeg 768w, https:\/\/www.support-together.de\/page\/wp-content\/uploads\/2026\/02\/foto3_trainerbank-1145x1536.jpeg 1145w, https:\/\/www.support-together.de\/page\/wp-content\/uploads\/2026\/02\/foto3_trainerbank-1526x2048.jpeg 1526w\" sizes=\"auto, (max-width: 1908px) 100vw, 1908px\" \/><\/a><\/p>\n<p style=\"font-weight: 400;\">Um 16 Uhr war dann endlich der Einlass und wir machten uns erst einmal mit den R\u00e4umlichkeiten vertraut und g\u00f6nnten uns ein k\u00fchles Getr\u00e4nk. Dabei lernten wir direkt einen anderen Fanclub kennen, bei dem wir direkt die Kontaktdaten austauschten. Nach dem ersten Kennenlernen f\u00fcllten wir unsere Tombola-Lose aus und wurfen sie voller Hoffnung in den Lostopf.<\/p>\n<p style=\"font-weight: 400;\">Ab hier verging die Zeit wie im Flug. Da wir f\u00fcr die Autogrammbar in der \u201eGruppe 1\u201c eingeteilt waren, war unser Treffpunkt schon um 17:45 Uhr. Da pro Fanclub nur eine Person an die Autogrammbar darf, machte ich mich alleine auf den Weg. Als ich den Raum betrat, h\u00e4tte ich am liebsten die Zeit angehalten.<\/p>\n<p style=\"font-weight: 400;\"><span style=\"font-size: revert;\"><a href=\"https:\/\/www.support-together.de\/page\/wp-content\/uploads\/2026\/02\/foto311.png\"><img loading=\"lazy\" decoding=\"async\" class=\"aligncenter size-full wp-image-1199\" src=\"https:\/\/www.support-together.de\/page\/wp-content\/uploads\/2026\/02\/foto311.png\" alt=\"\" width=\"556\" height=\"971\" srcset=\"https:\/\/www.support-together.de\/page\/wp-content\/uploads\/2026\/02\/foto311.png 556w, https:\/\/www.support-together.de\/page\/wp-content\/uploads\/2026\/02\/foto311-172x300.png 172w\" sizes=\"auto, (max-width: 556px) 100vw, 556px\" \/><\/a> <a href=\"https:\/\/www.support-together.de\/page\/wp-content\/uploads\/2026\/02\/foto312.png\"><img loading=\"lazy\" decoding=\"async\" class=\"aligncenter size-full wp-image-1200\" src=\"https:\/\/www.support-together.de\/page\/wp-content\/uploads\/2026\/02\/foto312.png\" alt=\"\" width=\"635\" height=\"915\" srcset=\"https:\/\/www.support-together.de\/page\/wp-content\/uploads\/2026\/02\/foto312.png 635w, https:\/\/www.support-together.de\/page\/wp-content\/uploads\/2026\/02\/foto312-208x300.png 208w\" sizes=\"auto, (max-width: 635px) 100vw, 635px\" \/><\/a> <a href=\"https:\/\/www.support-together.de\/page\/wp-content\/uploads\/2026\/02\/foto313.png\"><img loading=\"lazy\" decoding=\"async\" class=\"aligncenter size-full wp-image-1201\" src=\"https:\/\/www.support-together.de\/page\/wp-content\/uploads\/2026\/02\/foto313.png\" alt=\"\" width=\"563\" height=\"884\" srcset=\"https:\/\/www.support-together.de\/page\/wp-content\/uploads\/2026\/02\/foto313.png 563w, https:\/\/www.support-together.de\/page\/wp-content\/uploads\/2026\/02\/foto313-191x300.png 191w\" sizes=\"auto, (max-width: 563px) 100vw, 563px\" \/><\/a> <a href=\"https:\/\/www.support-together.de\/page\/wp-content\/uploads\/2026\/02\/foto3131.png\"><img loading=\"lazy\" decoding=\"async\" class=\"aligncenter size-full wp-image-1202\" src=\"https:\/\/www.support-together.de\/page\/wp-content\/uploads\/2026\/02\/foto3131.png\" alt=\"\" width=\"616\" height=\"816\" srcset=\"https:\/\/www.support-together.de\/page\/wp-content\/uploads\/2026\/02\/foto3131.png 616w, https:\/\/www.support-together.de\/page\/wp-content\/uploads\/2026\/02\/foto3131-226x300.png 226w\" sizes=\"auto, (max-width: 616px) 100vw, 616px\" \/><\/a> <a href=\"https:\/\/www.support-together.de\/page\/wp-content\/uploads\/2026\/02\/foto315-scaled.jpeg\"><img loading=\"lazy\" decoding=\"async\" class=\"aligncenter size-full wp-image-1203\" src=\"https:\/\/www.support-together.de\/page\/wp-content\/uploads\/2026\/02\/foto315-scaled.jpeg\" alt=\"\" width=\"1920\" height=\"2560\" srcset=\"https:\/\/www.support-together.de\/page\/wp-content\/uploads\/2026\/02\/foto315-scaled.jpeg 1920w, https:\/\/www.support-together.de\/page\/wp-content\/uploads\/2026\/02\/foto315-225x300.jpeg 225w, https:\/\/www.support-together.de\/page\/wp-content\/uploads\/2026\/02\/foto315-768x1024.jpeg 768w, https:\/\/www.support-together.de\/page\/wp-content\/uploads\/2026\/02\/foto315-1152x1536.jpeg 1152w, https:\/\/www.support-together.de\/page\/wp-content\/uploads\/2026\/02\/foto315-1536x2048.jpeg 1536w\" sizes=\"auto, (max-width: 1920px) 100vw, 1920px\" \/><\/a>Jeder einzelne Spieler und der gesamte Trainerstab waren vor Ort und haben sich auf dem Dortmund-Trikot verewigt. Ein echter Moment der Gl\u00fcckseligkeit, den ich so schnell nicht vergessen werde! Mit einem Grinsen im Gesicht, das wahrscheinlich bis nach Hause gereicht h\u00e4tte, ging ich zur\u00fcck zu Marco. Ich f\u00fchlte mich in diesem Augenblick wie der gl\u00fccklichste Mensch der Welt.<\/span><\/p>\n<p style=\"font-weight: 400;\">Um 18:00 Uhr wurde der Abend offiziell er\u00f6ffnet. Auf der B\u00fchne ergriffen unter anderem Carsten Cramer und Lars Ricken das Wort.<\/p>\n<p style=\"font-weight: 400;\"><a href=\"https:\/\/www.support-together.de\/page\/wp-content\/uploads\/2026\/02\/foto5cramerlricken-scaled.jpeg\"><img loading=\"lazy\" decoding=\"async\" class=\"aligncenter size-full wp-image-1205\" src=\"https:\/\/www.support-together.de\/page\/wp-content\/uploads\/2026\/02\/foto5cramerlricken-scaled.jpeg\" alt=\"\" width=\"1920\" height=\"2560\" srcset=\"https:\/\/www.support-together.de\/page\/wp-content\/uploads\/2026\/02\/foto5cramerlricken-scaled.jpeg 1920w, https:\/\/www.support-together.de\/page\/wp-content\/uploads\/2026\/02\/foto5cramerlricken-225x300.jpeg 225w, https:\/\/www.support-together.de\/page\/wp-content\/uploads\/2026\/02\/foto5cramerlricken-768x1024.jpeg 768w, https:\/\/www.support-together.de\/page\/wp-content\/uploads\/2026\/02\/foto5cramerlricken-1152x1536.jpeg 1152w, https:\/\/www.support-together.de\/page\/wp-content\/uploads\/2026\/02\/foto5cramerlricken-1536x2048.jpeg 1536w\" sizes=\"auto, (max-width: 1920px) 100vw, 1920px\" \/><\/a><\/p>\n<p style=\"font-weight: 400;\">Nach der Begr\u00fc\u00dfungsrede nahm sich Lars Ricken sogar noch die Zeit, pers\u00f6nlich f\u00fcr Fotos und Autogramme mit den Fanclubs .<\/p>\n<p style=\"font-weight: 400;\"><a href=\"https:\/\/www.support-together.de\/page\/wp-content\/uploads\/2026\/02\/foto5_lricken-scaled.jpeg\"><img loading=\"lazy\" decoding=\"async\" class=\"aligncenter size-full wp-image-1204\" src=\"https:\/\/www.support-together.de\/page\/wp-content\/uploads\/2026\/02\/foto5_lricken-scaled.jpeg\" alt=\"\" width=\"1920\" height=\"2560\" srcset=\"https:\/\/www.support-together.de\/page\/wp-content\/uploads\/2026\/02\/foto5_lricken-scaled.jpeg 1920w, https:\/\/www.support-together.de\/page\/wp-content\/uploads\/2026\/02\/foto5_lricken-225x300.jpeg 225w, https:\/\/www.support-together.de\/page\/wp-content\/uploads\/2026\/02\/foto5_lricken-768x1024.jpeg 768w, https:\/\/www.support-together.de\/page\/wp-content\/uploads\/2026\/02\/foto5_lricken-1152x1536.jpeg 1152w, https:\/\/www.support-together.de\/page\/wp-content\/uploads\/2026\/02\/foto5_lricken-1536x2048.jpeg 1536w\" sizes=\"auto, (max-width: 1920px) 100vw, 1920px\" \/><\/a><\/p>\n<p style=\"font-weight: 400;\">Danach startete die Tombola, moderiert von unserer Legende, dem \u201eHelden von Berlin\u201c, Norbert \u201eNobby\u201c Dickel. Als Losfeen f\u00fcr die erste Runde gaben sich Jule Brand und Waldemar Anton die Ehre.<\/p>\n<p style=\"font-weight: 400;\"><a href=\"https:\/\/www.support-together.de\/page\/wp-content\/uploads\/2026\/02\/foto6_nobby_jule_anton-scaled.jpeg\"><img loading=\"lazy\" decoding=\"async\" class=\"aligncenter size-full wp-image-1206\" src=\"https:\/\/www.support-together.de\/page\/wp-content\/uploads\/2026\/02\/foto6_nobby_jule_anton-scaled.jpeg\" alt=\"\" width=\"2560\" height=\"2346\" srcset=\"https:\/\/www.support-together.de\/page\/wp-content\/uploads\/2026\/02\/foto6_nobby_jule_anton-scaled.jpeg 2560w, https:\/\/www.support-together.de\/page\/wp-content\/uploads\/2026\/02\/foto6_nobby_jule_anton-300x275.jpeg 300w, https:\/\/www.support-together.de\/page\/wp-content\/uploads\/2026\/02\/foto6_nobby_jule_anton-1024x938.jpeg 1024w, https:\/\/www.support-together.de\/page\/wp-content\/uploads\/2026\/02\/foto6_nobby_jule_anton-768x704.jpeg 768w, https:\/\/www.support-together.de\/page\/wp-content\/uploads\/2026\/02\/foto6_nobby_jule_anton-1536x1408.jpeg 1536w, https:\/\/www.support-together.de\/page\/wp-content\/uploads\/2026\/02\/foto6_nobby_jule_anton-2048x1877.jpeg 2048w, https:\/\/www.support-together.de\/page\/wp-content\/uploads\/2026\/02\/foto6_nobby_jule_anton-327x300.jpeg 327w\" sizes=\"auto, (max-width: 2560px) 100vw, 2560px\" \/><\/a><\/p>\n<p style=\"font-weight: 400;\">Das absolute Highlight dieser Ziehung war ein Platz direkt neben Nobby bei einem Bundesliga-Heimspiel. Leider hatten Marco und ich kein Gl\u00fcck bei den Preisen. Nach der ersten Verlosung wurde das Buffet er\u00f6ffnet, und man konnten sich erst einmal ordentlich st\u00e4rken.<\/p>\n<p style=\"font-weight: 400;\">Wenig sp\u00e4ter folgte die zweite Tombola-Runde, wieder mit Nobby und diesmal mit Maxi Beier und Erik Meier als Losfeen. Auch hier gingen wir leider leer aus.<\/p>\n<p style=\"font-weight: 400;\"><a href=\"https:\/\/www.support-together.de\/page\/wp-content\/uploads\/2026\/02\/foto7_nobby_beier_meier.jpeg\"><img loading=\"lazy\" decoding=\"async\" class=\"aligncenter size-full wp-image-1207\" src=\"https:\/\/www.support-together.de\/page\/wp-content\/uploads\/2026\/02\/foto7_nobby_beier_meier.jpeg\" alt=\"\" width=\"2487\" height=\"2407\" srcset=\"https:\/\/www.support-together.de\/page\/wp-content\/uploads\/2026\/02\/foto7_nobby_beier_meier.jpeg 2487w, https:\/\/www.support-together.de\/page\/wp-content\/uploads\/2026\/02\/foto7_nobby_beier_meier-300x290.jpeg 300w, https:\/\/www.support-together.de\/page\/wp-content\/uploads\/2026\/02\/foto7_nobby_beier_meier-1024x991.jpeg 1024w, https:\/\/www.support-together.de\/page\/wp-content\/uploads\/2026\/02\/foto7_nobby_beier_meier-768x743.jpeg 768w, https:\/\/www.support-together.de\/page\/wp-content\/uploads\/2026\/02\/foto7_nobby_beier_meier-1536x1487.jpeg 1536w, https:\/\/www.support-together.de\/page\/wp-content\/uploads\/2026\/02\/foto7_nobby_beier_meier-2048x1982.jpeg 2048w, https:\/\/www.support-together.de\/page\/wp-content\/uploads\/2026\/02\/foto7_nobby_beier_meier-310x300.jpeg 310w\" sizes=\"auto, (max-width: 2487px) 100vw, 2487px\" \/><\/a><\/p>\n<p style=\"font-weight: 400;\">Nach der letzten Ziehung kamen noch G\u00fcnter Kutowski und Giovanni Federico zum Interview auf die B\u00fchne.<\/p>\n<p style=\"font-weight: 400;\"><a href=\"https:\/\/www.support-together.de\/page\/wp-content\/uploads\/2026\/02\/foto8_nobby_kutte_federico-scaled.jpeg\"><img loading=\"lazy\" decoding=\"async\" class=\"aligncenter size-full wp-image-1209\" src=\"https:\/\/www.support-together.de\/page\/wp-content\/uploads\/2026\/02\/foto8_nobby_kutte_federico-scaled.jpeg\" alt=\"\" width=\"2022\" height=\"2560\" srcset=\"https:\/\/www.support-together.de\/page\/wp-content\/uploads\/2026\/02\/foto8_nobby_kutte_federico-scaled.jpeg 2022w, https:\/\/www.support-together.de\/page\/wp-content\/uploads\/2026\/02\/foto8_nobby_kutte_federico-237x300.jpeg 237w, https:\/\/www.support-together.de\/page\/wp-content\/uploads\/2026\/02\/foto8_nobby_kutte_federico-809x1024.jpeg 809w, https:\/\/www.support-together.de\/page\/wp-content\/uploads\/2026\/02\/foto8_nobby_kutte_federico-768x972.jpeg 768w, https:\/\/www.support-together.de\/page\/wp-content\/uploads\/2026\/02\/foto8_nobby_kutte_federico-1213x1536.jpeg 1213w, https:\/\/www.support-together.de\/page\/wp-content\/uploads\/2026\/02\/foto8_nobby_kutte_federico-1617x2048.jpeg 1617w\" sizes=\"auto, (max-width: 2022px) 100vw, 2022px\" \/><\/a><\/p>\n<p style=\"font-weight: 400;\">Auch sie nahmen sich danach ausgiebig Zeit f\u00fcr Gespr\u00e4che und Fotos mit den Fanclubs.<\/p>\n<p style=\"font-weight: 400;\"><a href=\"https:\/\/www.support-together.de\/page\/wp-content\/uploads\/2026\/02\/foto8_kutte-scaled.jpeg\"><img loading=\"lazy\" decoding=\"async\" class=\"aligncenter size-full wp-image-1208\" src=\"https:\/\/www.support-together.de\/page\/wp-content\/uploads\/2026\/02\/foto8_kutte-scaled.jpeg\" alt=\"\" width=\"2560\" height=\"1920\" srcset=\"https:\/\/www.support-together.de\/page\/wp-content\/uploads\/2026\/02\/foto8_kutte-scaled.jpeg 2560w, https:\/\/www.support-together.de\/page\/wp-content\/uploads\/2026\/02\/foto8_kutte-300x225.jpeg 300w, https:\/\/www.support-together.de\/page\/wp-content\/uploads\/2026\/02\/foto8_kutte-1024x768.jpeg 1024w, https:\/\/www.support-together.de\/page\/wp-content\/uploads\/2026\/02\/foto8_kutte-768x576.jpeg 768w, https:\/\/www.support-together.de\/page\/wp-content\/uploads\/2026\/02\/foto8_kutte-1536x1152.jpeg 1536w, https:\/\/www.support-together.de\/page\/wp-content\/uploads\/2026\/02\/foto8_kutte-2048x1536.jpeg 2048w, https:\/\/www.support-together.de\/page\/wp-content\/uploads\/2026\/02\/foto8_kutte-400x300.jpeg 400w\" sizes=\"auto, (max-width: 2560px) 100vw, 2560px\" \/><\/a><\/p>\n<p style=\"font-weight: 400;\">Zum kr\u00f6nenden Abschluss des Abends mischten sich die Profis unter die Fans. Einige gl\u00fcckliche Gewinner durften gegen sie im Kicker, Tischtennis,Dart oder in FC 26 antreten. Dabei ergab sich nat\u00fcrlich die eine oder andere Chance auf ein weiteres Selfie. Zum Finale standen die Spieler dann sogar selbst hinterm Zapfhahn und schenkten Bier aus.<\/p>\n<p style=\"font-weight: 400;\"><a href=\"https:\/\/www.support-together.de\/page\/wp-content\/uploads\/2026\/02\/foto09_selfie1.jpg\"><img loading=\"lazy\" decoding=\"async\" class=\"aligncenter size-full wp-image-1210\" src=\"https:\/\/www.support-together.de\/page\/wp-content\/uploads\/2026\/02\/foto09_selfie1.jpg\" alt=\"\" width=\"2048\" height=\"1536\" srcset=\"https:\/\/www.support-together.de\/page\/wp-content\/uploads\/2026\/02\/foto09_selfie1.jpg 2048w, https:\/\/www.support-together.de\/page\/wp-content\/uploads\/2026\/02\/foto09_selfie1-300x225.jpg 300w, https:\/\/www.support-together.de\/page\/wp-content\/uploads\/2026\/02\/foto09_selfie1-1024x768.jpg 1024w, https:\/\/www.support-together.de\/page\/wp-content\/uploads\/2026\/02\/foto09_selfie1-768x576.jpg 768w, https:\/\/www.support-together.de\/page\/wp-content\/uploads\/2026\/02\/foto09_selfie1-1536x1152.jpg 1536w, https:\/\/www.support-together.de\/page\/wp-content\/uploads\/2026\/02\/foto09_selfie1-400x300.jpg 400w\" sizes=\"auto, (max-width: 2048px) 100vw, 2048px\" \/><\/a> <a href=\"https:\/\/www.support-together.de\/page\/wp-content\/uploads\/2026\/02\/foto09_selfie2.jpg\"><img loading=\"lazy\" decoding=\"async\" class=\"aligncenter size-full wp-image-1211\" src=\"https:\/\/www.support-together.de\/page\/wp-content\/uploads\/2026\/02\/foto09_selfie2.jpg\" alt=\"\" width=\"1536\" height=\"2048\" srcset=\"https:\/\/www.support-together.de\/page\/wp-content\/uploads\/2026\/02\/foto09_selfie2.jpg 1536w, https:\/\/www.support-together.de\/page\/wp-content\/uploads\/2026\/02\/foto09_selfie2-225x300.jpg 225w, https:\/\/www.support-together.de\/page\/wp-content\/uploads\/2026\/02\/foto09_selfie2-768x1024.jpg 768w, https:\/\/www.support-together.de\/page\/wp-content\/uploads\/2026\/02\/foto09_selfie2-1152x1536.jpg 1152w\" sizes=\"auto, (max-width: 1536px) 100vw, 1536px\" \/><\/a><\/p>\n<p style=\"font-weight: 400;\">Ein gedenkw\u00fcrdiger Abend ging zu Ende. F\u00fcr uns ging wiedermal ein echter Kindheitstraum in Erf\u00fcllung.<\/p>\n<p style=\"font-weight: 400;\"><a href=\"https:\/\/www.support-together.de\/page\/wp-content\/uploads\/2026\/02\/foto10-scaled.jpeg\"><img loading=\"lazy\" decoding=\"async\" class=\"aligncenter size-full wp-image-1212\" src=\"https:\/\/www.support-together.de\/page\/wp-content\/uploads\/2026\/02\/foto10-scaled.jpeg\" alt=\"\" width=\"2560\" height=\"1920\" srcset=\"https:\/\/www.support-together.de\/page\/wp-content\/uploads\/2026\/02\/foto10-scaled.jpeg 2560w, https:\/\/www.support-together.de\/page\/wp-content\/uploads\/2026\/02\/foto10-300x225.jpeg 300w, https:\/\/www.support-together.de\/page\/wp-content\/uploads\/2026\/02\/foto10-1024x768.jpeg 1024w, https:\/\/www.support-together.de\/page\/wp-content\/uploads\/2026\/02\/foto10-768x576.jpeg 768w, https:\/\/www.support-together.de\/page\/wp-content\/uploads\/2026\/02\/foto10-1536x1152.jpeg 1536w, https:\/\/www.support-together.de\/page\/wp-content\/uploads\/2026\/02\/foto10-2048x1536.jpeg 2048w, https:\/\/www.support-together.de\/page\/wp-content\/uploads\/2026\/02\/foto10-400x300.jpeg 400w\" sizes=\"auto, (max-width: 2560px) 100vw, 2560px\" \/><\/a><\/p>\n<p style=\"font-weight: 400;\">Heute, ein paar Tage sp\u00e4ter und wieder ausgeschlafen, kommen wir aus dem Schw\u00e4rmen immer noch nicht heraus.<\/p>\n<p style=\"font-weight: 400;\">In diesem Sinne w\u00fcnschen wir im Namen von Support Together allen Borussen\/innen, Freunden\/innen, Bekannten, Verwandte und euren Familien ein gesundes, gl\u00fcckliches und vor allem erfolgreiches Jahr 2026!<\/p>\n<p style=\"font-weight: 400;\">Euer Eich &amp; Reichert<\/p>\n","protected":false},"excerpt":{"rendered":"<p>Ein unvergesslicher Tag sollte es werden, dieser 10. Februar 2026. Auch im diesem Jahr besuchten wir , der saarl\u00e4ndische BVB Fanclub \u201eSupport together&#8220; vertreten durch Marco Reichert und Michael Eich eins der Highlights aller Fanclubs unseres Ballspielvereins, den BVB Neujahresempfang. &hellip; <a href=\"https:\/\/www.support-together.de\/page\/neujahresempfang-in-dortmund-10-02-2026\/\">Weiterlesen <span class=\"meta-nav\">&rarr;<\/span><\/a><\/p>\n","protected":false},"author":3,"featured_media":0,"comment_status":"closed","ping_status":"closed","sticky":false,"template":"","format":"standard","meta":{"_monsterinsights_skip_tracking":false,"_monsterinsights_sitenote_active":false,"_monsterinsights_sitenote_note":"","_monsterinsights_sitenote_category":0,"footnotes":""},"categories":[9],"tags":[],"class_list":["post-1189","post","type-post","status-publish","format-standard","hentry","category-berichte"],"_links":{"self":[{"href":"https:\/\/www.support-together.de\/page\/wp-json\/wp\/v2\/posts\/1189","targetHints":{"allow":["GET"]}}],"collection":[{"href":"https:\/\/www.support-together.de\/page\/wp-json\/wp\/v2\/posts"}],"about":[{"href":"https:\/\/www.support-together.de\/page\/wp-json\/wp\/v2\/types\/post"}],"author":[{"embeddable":true,"href":"https:\/\/www.support-together.de\/page\/wp-json\/wp\/v2\/users\/3"}],"replies":[{"embeddable":true,"href":"https:\/\/www.support-together.de\/page\/wp-json\/wp\/v2\/comments?post=1189"}],"version-history":[{"count":5,"href":"https:\/\/www.support-together.de\/page\/wp-json\/wp\/v2\/posts\/1189\/revisions"}],"predecessor-version":[{"id":1216,"href":"https:\/\/www.support-together.de\/page\/wp-json\/wp\/v2\/posts\/1189\/revisions\/1216"}],"wp:attachment":[{"href":"https:\/\/www.support-together.de\/page\/wp-json\/wp\/v2\/media?parent=1189"}],"wp:term":[{"taxonomy":"category","embeddable":true,"href":"https:\/\/www.support-together.de\/page\/wp-json\/wp\/v2\/categories?post=1189"},{"taxonomy":"post_tag","embeddable":true,"href":"https:\/\/www.support-together.de\/page\/wp-json\/wp\/v2\/tags?post=1189"}],"curies":[{"name":"wp","href":"https:\/\/api.w.org\/{rel}","templated":true}]}}